{"id":230871,"date":"2026-03-10T12:19:50","date_gmt":"2026-03-10T12:19:50","guid":{"rendered":"https:\/\/benedictum.hu\/?p=230871"},"modified":"2026-03-10T12:20:27","modified_gmt":"2026-03-10T12:20:27","slug":"gyakornoki-beszamolo-czerlau-jennifer","status":"publish","type":"post","link":"https:\/\/benedictum.hu\/en\/gyakornoki-beszamolo-czerlau-jennifer\/","title":{"rendered":"Gyakornoki besz\u00e1mol\u00f3: Czerlau Jennifer"},"content":{"rendered":"[et_pb_section fb_built=&#8221;1&#8243; _builder_version=&#8221;4.27.3&#8243; _module_preset=&#8221;default&#8221; width=&#8221;100%&#8221; max_width=&#8221;100%&#8221; custom_padding=&#8221;33px|||||&#8221; global_colors_info=&#8221;{}&#8221; theme_builder_area=&#8221;post_content&#8221;][et_pb_row column_structure=&#8221;1_2,1_2&#8243; _builder_version=&#8221;4.25.0&#8243; _module_preset=&#8221;default&#8221; width=&#8221;100%&#8221; max_width=&#8221;100%&#8221; global_colors_info=&#8221;{}&#8221; theme_builder_area=&#8221;post_content&#8221;][et_pb_column type=&#8221;1_2&#8243; _builder_version=&#8221;4.21.0&#8243; _module_preset=&#8221;default&#8221; global_colors_info=&#8221;{}&#8221; theme_builder_area=&#8221;post_content&#8221;][et_pb_post_title date=&#8221;off&#8221; categories=&#8221;off&#8221; comments=&#8221;off&#8221; featured_image=&#8221;off&#8221; _builder_version=&#8221;4.21.0&#8243; _module_preset=&#8221;default&#8221; title_font=&#8221;||||||||&#8221; title_text_align=&#8221;left&#8221; title_font_size=&#8221;41px&#8221; meta_text_align=&#8221;left&#8221; module_alignment=&#8221;left&#8221; custom_margin=&#8221;111px|||||&#8221; custom_margin_tablet=&#8221;232px|||||&#8221; custom_margin_phone=&#8221;0px||||false|false&#8221; custom_margin_last_edited=&#8221;on|phone&#8221; title_font_size_tablet=&#8221;41px&#8221; title_font_size_phone=&#8221;24px&#8221; title_font_size_last_edited=&#8221;on|phone&#8221; meta_font_size_tablet=&#8221;&#8221; meta_font_size_phone=&#8221;11px&#8221; meta_font_size_last_edited=&#8221;on|phone&#8221; global_colors_info=&#8221;{}&#8221; theme_builder_area=&#8221;post_content&#8221;][\/et_pb_post_title][\/et_pb_column][et_pb_column type=&#8221;1_2&#8243; _builder_version=&#8221;4.21.0&#8243; _module_preset=&#8221;default&#8221; global_colors_info=&#8221;{}&#8221; theme_builder_area=&#8221;post_content&#8221;][et_pb_image src=&#8221;https:\/\/benedictum.hu\/wp-content\/uploads\/2026\/03\/Czerlau-Jennifer-gyakornok-benedictum.jpg&#8221; alt=&#8221;Czerlau Jennifer gyakornok benedictum&#8221; title_text=&#8221;Czerlau Jennifer gyakornok benedictum&#8221; _builder_version=&#8221;4.27.3&#8243; _module_preset=&#8221;default&#8221; hover_enabled=&#8221;0&#8243; global_colors_info=&#8221;{}&#8221; theme_builder_area=&#8221;post_content&#8221; sticky_enabled=&#8221;0&#8243;][\/et_pb_image][\/et_pb_column][\/et_pb_row][et_pb_row _builder_version=&#8221;4.26.0&#8243; _module_preset=&#8221;default&#8221; width=&#8221;100%&#8221; max_width=&#8221;100%&#8221; global_colors_info=&#8221;{}&#8221; theme_builder_area=&#8221;post_content&#8221;][et_pb_column type=&#8221;4_4&#8243; _builder_version=&#8221;4.21.0&#8243; _module_preset=&#8221;default&#8221; global_colors_info=&#8221;{}&#8221; theme_builder_area=&#8221;post_content&#8221;][et_pb_text ol_item_indent=&#8221;15px&#8221; quote_border_weight=&#8221;8px&#8221; quote_border_color=&#8221;#ffcc00&#8243; _builder_version=&#8221;4.27.3&#8243; _module_preset=&#8221;default&#8221; link_font=&#8221;||||on||||&#8221; ol_font=&#8221;|700|||||||&#8221; ol_text_color=&#8221;#FFCC00&#8243; ol_line_height=&#8221;1.8em&#8221; quote_font=&#8221;|600|on||||||&#8221; quote_text_color=&#8221;#000000&#8243; quote_font_size=&#8221;17px&#8221; quote_line_height=&#8221;1.4em&#8221; max_width=&#8221;100%&#8221; hover_enabled=&#8221;0&#8243; global_colors_info=&#8221;{}&#8221; theme_builder_area=&#8221;post_content&#8221; sticky_enabled=&#8221;0&#8243;]<p>A tavasz gyakran az \u00faj kezdetek \u00e9s lehet\u0151s\u00e9gek id\u0151szaka. A szakmai gyakorlat is hasonl\u00f3 l\u00e9p\u00e9s egy p\u00e1lyakezd\u0151 sz\u00e1m\u00e1ra, hiszen ilyenkor az elm\u00e9leti tud\u00e1s mellett val\u00f3di tapasztalatokat is lehet szerezni. Jennifer szakmai gyakorlat\u00e1t n\u00e1lunk, a Benedictum Ford\u00edt\u00f3 Irod\u00e1ban t\u00f6lt\u00f6tte, \u00e9s lehet\u0151s\u00e9ge volt k\u00f6zelebbr\u0151l megismerni a ford\u00edt\u00f3iroda mindennapi m\u0171k\u00f6d\u00e9s\u00e9t valamint a ford\u00edt\u00e1si folyamat k\u00fcl\u00f6nb\u00f6z\u0151 l\u00e9p\u00e9seit.<\/p>\n<blockquote>\n<p>&#8222;<i>A szakmai gyakorlatomat a Benedictum Ford\u00edt\u00f3 Iroda munkat\u00e1rsai k\u00f6z\u00f6tt t\u00f6lthettem, ami rendk\u00edv\u00fcl meghat\u00e1roz\u00f3 \u00e9s pozit\u00edv \u00e9lm\u00e9ny volt sz\u00e1momra. Nagyon \u00e9lveztem az ott t\u00f6lt\u00f6tt id\u0151t, hiszen val\u00f3di betekint\u00e9st nyerhettem abba, hogyan zajlik a ford\u00edt\u00f3k munk\u00e1ja a mindennapokban. A be\u00e9rkezett ford\u00edtand\u00f3 anyagok feldolgoz\u00e1s\u00e1t\u00f3l kezdve eg\u00e9szen a v\u00e9gleges, k\u00e9sz ford\u00edt\u00e1s \u00e1tad\u00e1s\u00e1ig minden munkafolyamatban r\u00e9szt vettem, \u00edgy tudatosult bennem igaz\u00e1n, mennyire \u00f6sszetett \u00e9s felel\u0151ss\u00e9gteljes feladat a ford\u00edt\u00e1s.<\/i><o:p><\/o:p><\/p>\n<p><i>Az iroda munkat\u00e1rsai v\u00e9gig rendk\u00edv\u00fcl t\u00e1mogat\u00f3ak \u00e9s seg\u00edt\u0151k\u00e9szek voltak, ami nagyban hozz\u00e1j\u00e1rult szakmai fejl\u0151d\u00e9semhez. Bizalmat szavaztak nekem bizonyos ford\u00edt\u00e1sok \u00e1tn\u00e9z\u00e9s\u00e9ben is, ami meger\u0151s\u00edtett abban, hogy j\u00f3 \u00faton haladok ford\u00edt\u00f3k\u00e9nt. Az egy\u00fcttm\u0171k\u00f6d\u00e9s z\u00f6kken\u0151mentes volt, a k\u00f6z\u00f6s munka sor\u00e1n mindig \u00e9reztem, hogy sz\u00e1m\u00edt a v\u00e9lem\u00e9nyem.<\/i><o:p><\/o:p><\/p>\n<p><i>Nagyon h\u00e1l\u00e1s vagyok az\u00e9rt, hogy itt t\u00f6lthettem a gyakorlatomat. Az iroda minden esetben prec\u00edz munk\u00e1t v\u00e9gzett, \u00e9s kiemelt figyelmet ford\u00edtott a megrendel\u0151k ig\u00e9nyeire, ez\u00e9rt j\u00f3 sz\u00edvvel aj\u00e1nlom mindenkinek, akinek megb\u00edzhat\u00f3 ford\u00edt\u00e1sra van sz\u00fcks\u00e9ge.<o:p><\/o:p><\/i><\/p>\n<p>\u201d<\/p>\n<\/blockquote>\n<p>A szakmai gyakorlat id\u0151szaka lehet\u0151s\u00e9get adott Jennifer sz\u00e1m\u00e1ra, hogy \u00e9rt\u00e9kes tapasztalatokat szerezzen a ford\u00edt\u00f3i munka ter\u00fclet\u00e9n, \u00e9s k\u00f6zelebb ker\u00fclj\u00f6n v\u00e1lasztott szakm\u00e1j\u00e1hoz. B\u00edzunk benne, hogy az itt szerzett \u00e9lm\u00e9nyek \u00e9s tapasztalatok a j\u00f6v\u0151ben is elk\u00eds\u00e9rik majd szakmai \u00fatj\u00e1n. Ahogyan a tavasz is az \u00faj kezdetek id\u0151szaka, rem\u00e9lj\u00fck, hogy ez az id\u0151szak Jennifer sz\u00e1m\u00e1ra is egy sikeres \u00e9s fejl\u0151d\u00e9ssel teli szakmai \u00fat kezdet\u00e9t jelenti.<\/p>[\/et_pb_text][\/et_pb_column][\/et_pb_row][\/et_pb_section]","protected":false},"excerpt":{"rendered":"<p>A tavasz gyakran az \u00faj kezdetek \u00e9s lehet\u0151s\u00e9gek id\u0151szaka. A szakmai gyakorlat is hasonl\u00f3 l\u00e9p\u00e9s egy p\u00e1lyakezd\u0151 sz\u00e1m\u00e1ra, hiszen ilyenkor az elm\u00e9leti tud\u00e1s mellett val\u00f3di tapasztalatokat is lehet szerezni. Jennifer szakmai gyakorlat\u00e1t n\u00e1lunk, a Benedictum Ford\u00edt\u00f3 Irod\u00e1ban t\u00f6lt\u00f6tte, \u00e9s lehet\u0151s\u00e9ge volt k\u00f6zelebbr\u0151l megismerni a ford\u00edt\u00f3iroda mindennapi m\u0171k\u00f6d\u00e9s\u00e9t valamint a ford\u00edt\u00e1si folyamat k\u00fcl\u00f6nb\u00f6z\u0151 l\u00e9p\u00e9seit. &#8222;A szakmai gyakorlatomat a Benedictum Ford\u00edt\u00f3 Iroda munkat\u00e1rsai k\u00f6z\u00f6tt t\u00f6lthettem, ami rendk\u00edv\u00fcl meghat\u00e1roz\u00f3 \u00e9s pozit\u00edv \u00e9lm\u00e9ny volt sz\u00e1momra. Nagyon \u00e9lveztem az ott t\u00f6lt\u00f6tt id\u0151t, hiszen val\u00f3di betekint\u00e9st nyerhettem abba, hogyan zajlik a ford\u00edt\u00f3k munk\u00e1ja a mindennapokban. A be\u00e9rkezett ford\u00edtand\u00f3 anyagok feldolgoz\u00e1s\u00e1t\u00f3l kezdve eg\u00e9szen a v\u00e9gleges, k\u00e9sz ford\u00edt\u00e1s \u00e1tad\u00e1s\u00e1ig minden munkafolyamatban r\u00e9szt vettem, \u00edgy tudatosult bennem igaz\u00e1n, mennyire \u00f6sszetett \u00e9s felel\u0151ss\u00e9gteljes feladat a ford\u00edt\u00e1s. Az iroda munkat\u00e1rsai v\u00e9gig rendk\u00edv\u00fcl t\u00e1mogat\u00f3ak \u00e9s seg\u00edt\u0151k\u00e9szek voltak, ami nagyban hozz\u00e1j\u00e1rult szakmai fejl\u0151d\u00e9semhez. Bizalmat szavaztak nekem bizonyos ford\u00edt\u00e1sok \u00e1tn\u00e9z\u00e9s\u00e9ben is, ami meger\u0151s\u00edtett abban, hogy j\u00f3 \u00faton haladok ford\u00edt\u00f3k\u00e9nt. Az egy\u00fcttm\u0171k\u00f6d\u00e9s z\u00f6kken\u0151mentes volt, a k\u00f6z\u00f6s munka sor\u00e1n mindig \u00e9reztem, hogy sz\u00e1m\u00edt a v\u00e9lem\u00e9nyem. Nagyon h\u00e1l\u00e1s vagyok az\u00e9rt, hogy itt t\u00f6lthettem a gyakorlatomat. Az iroda minden esetben prec\u00edz munk\u00e1t v\u00e9gzett, \u00e9s kiemelt figyelmet ford\u00edtott a megrendel\u0151k ig\u00e9nyeire, ez\u00e9rt j\u00f3 sz\u00edvvel aj\u00e1nlom mindenkinek, akinek megb\u00edzhat\u00f3 ford\u00edt\u00e1sra van sz\u00fcks\u00e9ge. \u201d A szakmai gyakorlat id\u0151szaka lehet\u0151s\u00e9get adott Jennifer [&hellip;]<\/p>","protected":false},"author":1,"featured_media":230877,"comment_status":"open","ping_status":"open","sticky":false,"template":"","format":"standard","meta":{"_et_pb_use_builder":"on","_et_pb_old_content":"","_et_gb_content_width":"1080","_monsterinsights_skip_tracking":false,"_monsterinsights_sitenote_active":false,"_monsterinsights_sitenote_note":"","_monsterinsights_sitenote_category":0,"footnotes":""},"categories":[12],"tags":[],"class_list":["post-230871","post","type-post","status-publish","format-standard","has-post-thumbnail","hentry","category-forditas-tolmacsolas-blog-benedictum"],"_links":{"self":[{"href":"https:\/\/benedictum.hu\/en\/wp-json\/wp\/v2\/posts\/230871","targetHints":{"allow":["GET"]}}],"collection":[{"href":"https:\/\/benedictum.hu\/en\/wp-json\/wp\/v2\/posts"}],"about":[{"href":"https:\/\/benedictum.hu\/en\/wp-json\/wp\/v2\/types\/post"}],"author":[{"embeddable":true,"href":"https:\/\/benedictum.hu\/en\/wp-json\/wp\/v2\/users\/1"}],"replies":[{"embeddable":true,"href":"https:\/\/benedictum.hu\/en\/wp-json\/wp\/v2\/comments?post=230871"}],"version-history":[{"count":4,"href":"https:\/\/benedictum.hu\/en\/wp-json\/wp\/v2\/posts\/230871\/revisions"}],"predecessor-version":[{"id":230876,"href":"https:\/\/benedictum.hu\/en\/wp-json\/wp\/v2\/posts\/230871\/revisions\/230876"}],"wp:featuredmedia":[{"embeddable":true,"href":"https:\/\/benedictum.hu\/en\/wp-json\/wp\/v2\/media\/230877"}],"wp:attachment":[{"href":"https:\/\/benedictum.hu\/en\/wp-json\/wp\/v2\/media?parent=230871"}],"wp:term":[{"taxonomy":"category","embeddable":true,"href":"https:\/\/benedictum.hu\/en\/wp-json\/wp\/v2\/categories?post=230871"},{"taxonomy":"post_tag","embeddable":true,"href":"https:\/\/benedictum.hu\/en\/wp-json\/wp\/v2\/tags?post=230871"}],"curies":[{"name":"wp","href":"https:\/\/api.w.org\/{rel}","templated":true}]}}